{"id":1817,"date":"2024-05-13T10:03:41","date_gmt":"2024-05-13T10:03:41","guid":{"rendered":"https:\/\/sites.euro.ubbcluj.ro\/cip\/?p=1817"},"modified":"2024-12-13T10:04:56","modified_gmt":"2024-12-13T10:04:56","slug":"meet-your-future-self","status":"publish","type":"post","link":"https:\/\/sites.euro.ubbcluj.ro\/cip\/2024\/05\/13\/meet-your-future-self\/","title":{"rendered":"Meet your future self"},"content":{"rendered":"<blockquote><p>Ariadna Ignatiuc, absolvent\u0103 FSE, va fi prezent\u0103 \u00een cadrul SimPE pentru o \u00eent\u00e2lnire cu voi!<br \/>\nDac\u0103 e\u0219ti curios s\u0103 afli cum po\u021bi face trecerea de la FSE la Parlamentul European si care este activitatea ei \u00een calitate de Asistent Parlamentar Acreditat, vino s\u0103 o cuno\u0219ti \u00een 17 mai de la ora 11.00! Ariadna va fi online, de la Bruxelles.<\/p><\/blockquote>\n<p>Link:\u00a0<a href=\"https:\/\/zoom.us\/j\/8273918524?pwd=SGJJNzE3Nk1aNk9Pb0JGQnlDTEwzQT09\">https:\/\/zoom.us\/j\/8273918524?pwd=SGJJNzE3Nk1aNk9Pb0JGQnlDTEwzQT09<\/a><\/p>\n<p>&nbsp;<\/p>\n<p><img fetchpriority=\"high\" decoding=\"async\" class=\"alignnone size-full wp-image-1818\" src=\"https:\/\/sites.euro.ubbcluj.ro\/cip\/wp-content\/uploads\/2024\/12\/MEET-YOUR-FUTURE-SELF.png\" alt=\"\" width=\"1587\" height=\"2245\" srcset=\"https:\/\/sites.euro.ubbcluj.ro\/cip\/wp-content\/uploads\/2024\/12\/MEET-YOUR-FUTURE-SELF.png 1587w, https:\/\/sites.euro.ubbcluj.ro\/cip\/wp-content\/uploads\/2024\/12\/MEET-YOUR-FUTURE-SELF-212x300.png 212w, https:\/\/sites.euro.ubbcluj.ro\/cip\/wp-content\/uploads\/2024\/12\/MEET-YOUR-FUTURE-SELF-724x1024.png 724w, https:\/\/sites.euro.ubbcluj.ro\/cip\/wp-content\/uploads\/2024\/12\/MEET-YOUR-FUTURE-SELF-768x1086.png 768w, https:\/\/sites.euro.ubbcluj.ro\/cip\/wp-content\/uploads\/2024\/12\/MEET-YOUR-FUTURE-SELF-1086x1536.png 1086w, https:\/\/sites.euro.ubbcluj.ro\/cip\/wp-content\/uploads\/2024\/12\/MEET-YOUR-FUTURE-SELF-1448x2048.png 1448w\" sizes=\"(max-width: 1587px) 100vw, 1587px\" \/><\/p>\n","protected":false},"excerpt":{"rendered":"<p>Ariadna Ignatiuc, absolvent\u0103 FSE, va fi prezent\u0103 \u00een cadrul SimPE pentru o \u00eent\u00e2lnire cu voi! Dac\u0103 e\u0219ti curios s\u0103 afli cum po\u021bi face trecerea de la FSE la Parlamentul European si care este activitatea ei \u00een calitate de Asistent Parlamentar Acreditat, vino s\u0103 o cuno\u0219ti \u00een 17 mai de la ora 11.00! Ariadna va fi&hellip;&nbsp;<a href=\"https:\/\/sites.euro.ubbcluj.ro\/cip\/2024\/05\/13\/meet-your-future-self\/\" rel=\"bookmark\">Read More &raquo;<span class=\"screen-reader-text\">Meet your future self<\/span><\/a><\/p>\n","protected":false},"author":1,"featured_media":1818,"comment_status":"open","ping_status":"open","sticky":false,"template":"","format":"standard","meta":{"neve_meta_sidebar":"","neve_meta_container":"","neve_meta_enable_content_width":"off","neve_meta_content_width":0,"neve_meta_title_alignment":"","neve_meta_author_avatar":"","neve_post_elements_order":"","neve_meta_disable_header":"","neve_meta_disable_footer":"","neve_meta_disable_title":"","footnotes":"","_links_to":"","_links_to_target":""},"categories":[6],"tags":[],"class_list":["post-1817","post","type-post","status-publish","format-standard","has-post-thumbnail","hentry","category-anunturi"],"_links":{"self":[{"href":"https:\/\/sites.euro.ubbcluj.ro\/cip\/wp-json\/wp\/v2\/posts\/1817","targetHints":{"allow":["GET"]}}],"collection":[{"href":"https:\/\/sites.euro.ubbcluj.ro\/cip\/wp-json\/wp\/v2\/posts"}],"about":[{"href":"https:\/\/sites.euro.ubbcluj.ro\/cip\/wp-json\/wp\/v2\/types\/post"}],"author":[{"embeddable":true,"href":"https:\/\/sites.euro.ubbcluj.ro\/cip\/wp-json\/wp\/v2\/users\/1"}],"replies":[{"embeddable":true,"href":"https:\/\/sites.euro.ubbcluj.ro\/cip\/wp-json\/wp\/v2\/comments?post=1817"}],"version-history":[{"count":1,"href":"https:\/\/sites.euro.ubbcluj.ro\/cip\/wp-json\/wp\/v2\/posts\/1817\/revisions"}],"predecessor-version":[{"id":1819,"href":"https:\/\/sites.euro.ubbcluj.ro\/cip\/wp-json\/wp\/v2\/posts\/1817\/revisions\/1819"}],"wp:featuredmedia":[{"embeddable":true,"href":"https:\/\/sites.euro.ubbcluj.ro\/cip\/wp-json\/wp\/v2\/media\/1818"}],"wp:attachment":[{"href":"https:\/\/sites.euro.ubbcluj.ro\/cip\/wp-json\/wp\/v2\/media?parent=1817"}],"wp:term":[{"taxonomy":"category","embeddable":true,"href":"https:\/\/sites.euro.ubbcluj.ro\/cip\/wp-json\/wp\/v2\/categories?post=1817"},{"taxonomy":"post_tag","embeddable":true,"href":"https:\/\/sites.euro.ubbcluj.ro\/cip\/wp-json\/wp\/v2\/tags?post=1817"}],"curies":[{"name":"wp","href":"https:\/\/api.w.org\/{rel}","templated":true}]}}