{"id":1926,"date":"2022-05-23T14:45:44","date_gmt":"2022-05-23T14:45:44","guid":{"rendered":"https:\/\/sites.euro.ubbcluj.ro\/paradigmaeuropeana\/?p=1926"},"modified":"2022-05-23T14:45:44","modified_gmt":"2022-05-23T14:45:44","slug":"turcia-si-rolul-ei-in-arhitectura-regionala-a-marii-negre","status":"publish","type":"post","link":"https:\/\/sites.euro.ubbcluj.ro\/sdrise\/turcia-si-rolul-ei-in-arhitectura-regionala-a-marii-negre\/","title":{"rendered":"Turcia \u0219i rolul ei \u00een arhitectura regional\u0103 a M\u0103rii Negre"},"content":{"rendered":"<blockquote><p>Link eveniment online:\u00a0<a href=\"https:\/\/zoom.us\/j\/91954132943?pwd=M2tyRlVUTzBDdmtYT3dtK2ZBcFErZz09\">https:\/\/zoom.us\/j\/91954132943?pwd=M2tyRlVUTzBDdmtYT3dtK2ZBcFErZz09<\/a><\/p>\n<p>Meeting ID: 919 5413 2943<br \/>\nPasscode: 1hLYmi<\/p><\/blockquote>\n<p>&nbsp;<\/p>\n<p><img fetchpriority=\"high\" decoding=\"async\" class=\"alignnone wp-image-1927 size-full\" src=\"https:\/\/sites.euro.ubbcluj.ro\/sdrise\/wp-content\/uploads\/2022\/05\/Turcia-Marea-Neagra.jpg\" alt=\"\" width=\"1138\" height=\"1600\" srcset=\"https:\/\/sites.euro.ubbcluj.ro\/sdrise\/wp-content\/uploads\/2022\/05\/Turcia-Marea-Neagra.jpg 1138w, https:\/\/sites.euro.ubbcluj.ro\/sdrise\/wp-content\/uploads\/2022\/05\/Turcia-Marea-Neagra-213x300.jpg 213w, https:\/\/sites.euro.ubbcluj.ro\/sdrise\/wp-content\/uploads\/2022\/05\/Turcia-Marea-Neagra-728x1024.jpg 728w, https:\/\/sites.euro.ubbcluj.ro\/sdrise\/wp-content\/uploads\/2022\/05\/Turcia-Marea-Neagra-768x1080.jpg 768w, https:\/\/sites.euro.ubbcluj.ro\/sdrise\/wp-content\/uploads\/2022\/05\/Turcia-Marea-Neagra-1092x1536.jpg 1092w\" sizes=\"(max-width: 1138px) 100vw, 1138px\" \/><\/p>\n","protected":false},"excerpt":{"rendered":"<p>Link eveniment online:\u00a0https:\/\/zoom.us\/j\/91954132943?pwd=M2tyRlVUTzBDdmtYT3dtK2ZBcFErZz09 Meeting ID: 919 5413 2943 Passcode: 1hLYmi &nbsp;<\/p>\n","protected":false},"author":1,"featured_media":1927,"comment_status":"open","ping_status":"open","sticky":false,"template":"","format":"standard","meta":{"neve_meta_sidebar":"","neve_meta_container":"","neve_meta_enable_content_width":"off","neve_meta_content_width":70,"neve_meta_title_alignment":"","neve_meta_author_avatar":"","neve_post_elements_order":"","neve_meta_disable_header":"","neve_meta_disable_footer":"","neve_meta_disable_title":"","_themeisle_gutenberg_block_has_review":false,"footnotes":"","_links_to":"","_links_to_target":""},"categories":[5],"tags":[],"class_list":["post-1926","post","type-post","status-publish","format-standard","has-post-thumbnail","hentry","category-evenimente"],"_links":{"self":[{"href":"https:\/\/sites.euro.ubbcluj.ro\/sdrise\/wp-json\/wp\/v2\/posts\/1926","targetHints":{"allow":["GET"]}}],"collection":[{"href":"https:\/\/sites.euro.ubbcluj.ro\/sdrise\/wp-json\/wp\/v2\/posts"}],"about":[{"href":"https:\/\/sites.euro.ubbcluj.ro\/sdrise\/wp-json\/wp\/v2\/types\/post"}],"author":[{"embeddable":true,"href":"https:\/\/sites.euro.ubbcluj.ro\/sdrise\/wp-json\/wp\/v2\/users\/1"}],"replies":[{"embeddable":true,"href":"https:\/\/sites.euro.ubbcluj.ro\/sdrise\/wp-json\/wp\/v2\/comments?post=1926"}],"version-history":[{"count":0,"href":"https:\/\/sites.euro.ubbcluj.ro\/sdrise\/wp-json\/wp\/v2\/posts\/1926\/revisions"}],"wp:featuredmedia":[{"embeddable":true,"href":"https:\/\/sites.euro.ubbcluj.ro\/sdrise\/wp-json\/wp\/v2\/media\/1927"}],"wp:attachment":[{"href":"https:\/\/sites.euro.ubbcluj.ro\/sdrise\/wp-json\/wp\/v2\/media?parent=1926"}],"wp:term":[{"taxonomy":"category","embeddable":true,"href":"https:\/\/sites.euro.ubbcluj.ro\/sdrise\/wp-json\/wp\/v2\/categories?post=1926"},{"taxonomy":"post_tag","embeddable":true,"href":"https:\/\/sites.euro.ubbcluj.ro\/sdrise\/wp-json\/wp\/v2\/tags?post=1926"}],"curies":[{"name":"wp","href":"https:\/\/api.w.org\/{rel}","templated":true}]}}