{"id":2224,"date":"2023-03-03T08:43:26","date_gmt":"2023-03-03T08:43:26","guid":{"rendered":"https:\/\/sites.euro.ubbcluj.ro\/paradigmaeuropeana\/?p=2224"},"modified":"2023-03-13T06:43:32","modified_gmt":"2023-03-13T06:43:32","slug":"conferinta-nationala-a-doctoranzilor-criza-globalizarii-sau-criza-sistemului-international","status":"publish","type":"post","link":"https:\/\/sites.euro.ubbcluj.ro\/sdrise\/conferinta-nationala-a-doctoranzilor-criza-globalizarii-sau-criza-sistemului-international\/","title":{"rendered":"Conferin\u021ba Na\u021bional\u0103 a Doctoranzilor  \u2013 Criza globaliz\u0103rii sau criza Sistemului Interna\u021bional?"},"content":{"rendered":"<p>\u0218coala Doctoral\u0103 de Rela\u021bii Interna\u021bionale \u0219i Studii Europene Paradigma European\u0103 organizeaz\u0103 \u00een data de 31 martie 2023, Conferin\u021ba Na\u021bional\u0103 a Doctoranzilor din Domeniul Rela\u021bii Interna\u021bionale \u0219i Studii Europene \u2013 &#8220;Criza globaliz\u0103rii sau criza Sistemului Interna\u021bional?&#8221;<\/p>\n<p>Prin intermediul conferin\u021bei se dore\u0219te crearea unei re\u021bele pentru doctoranzii din Rom\u00e2nia, interesa\u021bi de cercetarea \u00een domeniile rela\u021biilor interna\u021bionale \u0219i al studiilor europene, precum \u0219i \u00een domeniile complementare acestora.<\/p>\n<p>Conferin\u021ba este structurat\u0103 \u00een trei sec\u021biuni distincte, dup\u0103 cum urmeaz\u0103:<\/p>\n<ul>\n<li>Globalizarea \u2013 istorie \u0219i actualitate<\/li>\n<li>Globalizare \u0219i interdependen\u021be \u00een rela\u021biile interna\u021bionale<\/li>\n<li>UE \u2013 actor global \u00eentr-o lume \u00een schimbare<\/li>\n<\/ul>\n<p>Conferin\u021ba cu tema \u201eCriza globaliz\u0103rii sau criza Sistemului Interna\u021bional?\u201d va fi organizat\u0103 \u00een format hibrid pe data de 31 martie 2023. Participarea este gratuit\u0103, nu se percepe nicio tax\u0103 de participare. Limba oficial\u0103 a conferin\u021bei este limba rom\u00e2n\u0103.<\/p>\n<p>Cei interesa\u021bi sunt ruga\u021bi s\u0103 trimit\u0103 titlul articolului, abstractul \u0219i sec\u021biunea pentru care opteaz\u0103 la adresa: <a href=\"mailto:liviu.serban@ubbcluj.ro\"><strong>liviu.serban@ubbcluj.ro<\/strong><\/a> \u0219i s\u0103 completeze<span style=\"color: #ff0000;\"><strong> <a style=\"color: #ff0000;\" href=\"https:\/\/forms.gle\/8JLFUQzkVfRQcmQY6\">formularul de \u00eenscriere<\/a><\/strong><\/span> p\u00e2n\u0103 la data de <strong>24 martie 2023<\/strong>.<\/p>\n<p>Comitetul de organizare:<\/p>\n<ul>\n<li>Prof. univ. dr. Melania-Gabriela Ciot, Director \u0218coala Doctoral\u0103 Paradigma European\u0103<\/li>\n<li>drd. Liviu-Vasile \u0218erban, doctorand reprezentant \u00een Consiliul \u0218colii Doctorale Paradigma European\u0103<\/li>\n<li>drd. Cristina Matilda V\u0103noag\u0103, \u0218coala Doctoral\u0103 Paradigma European\u0103<\/li>\n<\/ul>\n<p><img fetchpriority=\"high\" decoding=\"async\" class=\"alignnone wp-image-2225 size-full\" src=\"https:\/\/sites.euro.ubbcluj.ro\/sdrise\/wp-content\/uploads\/2023\/03\/Poster-Conferinta-doctoranzilor-2023.jpg\" alt=\"\" width=\"1587\" height=\"2245\" srcset=\"https:\/\/sites.euro.ubbcluj.ro\/sdrise\/wp-content\/uploads\/2023\/03\/Poster-Conferinta-doctoranzilor-2023.jpg 1587w, https:\/\/sites.euro.ubbcluj.ro\/sdrise\/wp-content\/uploads\/2023\/03\/Poster-Conferinta-doctoranzilor-2023-212x300.jpg 212w, https:\/\/sites.euro.ubbcluj.ro\/sdrise\/wp-content\/uploads\/2023\/03\/Poster-Conferinta-doctoranzilor-2023-724x1024.jpg 724w, https:\/\/sites.euro.ubbcluj.ro\/sdrise\/wp-content\/uploads\/2023\/03\/Poster-Conferinta-doctoranzilor-2023-768x1086.jpg 768w, https:\/\/sites.euro.ubbcluj.ro\/sdrise\/wp-content\/uploads\/2023\/03\/Poster-Conferinta-doctoranzilor-2023-1086x1536.jpg 1086w, https:\/\/sites.euro.ubbcluj.ro\/sdrise\/wp-content\/uploads\/2023\/03\/Poster-Conferinta-doctoranzilor-2023-1448x2048.jpg 1448w\" sizes=\"(max-width: 1587px) 100vw, 1587px\" \/><\/p>\n","protected":false},"excerpt":{"rendered":"<p>\u0218coala Doctoral\u0103 de Rela\u021bii Interna\u021bionale \u0219i Studii Europene Paradigma European\u0103 organizeaz\u0103 \u00een data de 31 martie 2023, Conferin\u021ba Na\u021bional\u0103 a Doctoranzilor din Domeniul Rela\u021bii Interna\u021bionale \u0219i Studii Europene \u2013 &#8220;Criza globaliz\u0103rii sau criza Sistemului Interna\u021bional?&#8221; Prin intermediul conferin\u021bei se dore\u0219te crearea unei re\u021bele pentru doctoranzii din Rom\u00e2nia, interesa\u021bi de cercetarea \u00een domeniile rela\u021biilor interna\u021bionale \u0219i&hellip;&nbsp;<a href=\"https:\/\/sites.euro.ubbcluj.ro\/sdrise\/conferinta-nationala-a-doctoranzilor-criza-globalizarii-sau-criza-sistemului-international\/\" class=\"\" rel=\"bookmark\">Read More &raquo;<span class=\"screen-reader-text\">Conferin\u021ba Na\u021bional\u0103 a Doctoranzilor  \u2013 Criza globaliz\u0103rii sau criza Sistemului Interna\u021bional?<\/span><\/a><\/p>\n","protected":false},"author":1,"featured_media":2226,"comment_status":"open","ping_status":"open","sticky":false,"template":"","format":"standard","meta":{"neve_meta_sidebar":"","neve_meta_container":"","neve_meta_enable_content_width":"off","neve_meta_content_width":70,"neve_meta_title_alignment":"","neve_meta_author_avatar":"","neve_post_elements_order":"","neve_meta_disable_header":"","neve_meta_disable_footer":"","neve_meta_disable_title":"","_themeisle_gutenberg_block_has_review":false,"footnotes":"","_links_to":"","_links_to_target":""},"categories":[5],"tags":[],"class_list":["post-2224","post","type-post","status-publish","format-standard","has-post-thumbnail","hentry","category-evenimente"],"_links":{"self":[{"href":"https:\/\/sites.euro.ubbcluj.ro\/sdrise\/wp-json\/wp\/v2\/posts\/2224","targetHints":{"allow":["GET"]}}],"collection":[{"href":"https:\/\/sites.euro.ubbcluj.ro\/sdrise\/wp-json\/wp\/v2\/posts"}],"about":[{"href":"https:\/\/sites.euro.ubbcluj.ro\/sdrise\/wp-json\/wp\/v2\/types\/post"}],"author":[{"embeddable":true,"href":"https:\/\/sites.euro.ubbcluj.ro\/sdrise\/wp-json\/wp\/v2\/users\/1"}],"replies":[{"embeddable":true,"href":"https:\/\/sites.euro.ubbcluj.ro\/sdrise\/wp-json\/wp\/v2\/comments?post=2224"}],"version-history":[{"count":0,"href":"https:\/\/sites.euro.ubbcluj.ro\/sdrise\/wp-json\/wp\/v2\/posts\/2224\/revisions"}],"wp:featuredmedia":[{"embeddable":true,"href":"https:\/\/sites.euro.ubbcluj.ro\/sdrise\/wp-json\/wp\/v2\/media\/2226"}],"wp:attachment":[{"href":"https:\/\/sites.euro.ubbcluj.ro\/sdrise\/wp-json\/wp\/v2\/media?parent=2224"}],"wp:term":[{"taxonomy":"category","embeddable":true,"href":"https:\/\/sites.euro.ubbcluj.ro\/sdrise\/wp-json\/wp\/v2\/categories?post=2224"},{"taxonomy":"post_tag","embeddable":true,"href":"https:\/\/sites.euro.ubbcluj.ro\/sdrise\/wp-json\/wp\/v2\/tags?post=2224"}],"curies":[{"name":"wp","href":"https:\/\/api.w.org\/{rel}","templated":true}]}}