{"id":3014,"date":"2026-02-12T08:28:24","date_gmt":"2026-02-12T08:28:24","guid":{"rendered":"https:\/\/sites.euro.ubbcluj.ro\/sdrise\/?p=3014"},"modified":"2026-02-12T08:28:24","modified_gmt":"2026-02-12T08:28:24","slug":"conferinta-internationala-a-doctoranzilor-green-deal-challenges-for-a-sustainable-future-of-the-eu-3","status":"publish","type":"post","link":"https:\/\/sites.euro.ubbcluj.ro\/sdrise\/conferinta-internationala-a-doctoranzilor-green-deal-challenges-for-a-sustainable-future-of-the-eu-3\/","title":{"rendered":"Conferin\u021ba Interna\u021bional\u0103 a Doctoranzilor &#8211; Green Deal Challenges for a Sustainable Future of the EU"},"content":{"rendered":"<blockquote><p>\u0218coala Doctoral\u0103 de <em>Rela\u021bii Interna\u021bionale \u0219i Studii Europene<\/em> a Universit\u0103\u021bii Babe\u0219-Bolyai, \u0219i Catedra Jean Monnet Green Deal and European Negotiations organizeaz\u0103, \u00een data de 19 martie 2026, <em>Conferin\u021ba Interna\u021bional\u0103 a Doctoranzilor din Domeniul Rela\u021biilor Interna\u021bionale \u0219i Studiilor Europene \u2013<strong> Green Deal Challenges for a Sustainable Future of the EU<\/strong><\/em>.<\/p><\/blockquote>\n<p>&nbsp;<\/p>\n<p>Prin intermediul conferin\u021bei se dore\u0219te crearea unei re\u021bele pentru doctoranzii din Rom\u00e2nia \u0219i Uniunea European\u0103 interesa\u021bi de cercetarea \u00een domeniile rela\u021biilor interna\u021bionale \u0219i al studiilor europene, precum \u0219i \u00een domeniile complementare acestora.<\/p>\n<p>Conferin\u021ba este structurat\u0103 \u00een 4 paneluri distincte:<\/p>\n<p><strong><em>Arhitecturi Strategice pentru Neutralitatea Climatic\u0103 a Europei<\/em><\/strong><\/p>\n<p><strong><em>R\u0103spunsuri Integrate la Crizele Climatic\u0103 \u0219i Energetic\u0103<\/em><\/strong><\/p>\n<p><strong><em>Diploma\u021bie Verde \u0219i Geopolitica Sustenabilit\u0103\u021bii<\/em><\/strong><\/p>\n<p><strong><em>Varia \u2013 sesiune dedicat\u0103 masteranzilor \u0219i studen\u021bilor<\/em><\/strong><\/p>\n<p>Conferin\u021ba va fi organizat\u0103 \u00een format hibrid, participarea este gratuit\u0103 \u0219i se va desf\u0103\u0219ura \u00een limba englez\u0103 \u0219i limba rom\u00e2n\u0103.<\/p>\n<p>Cei interesa\u021bi sunt invita\u021bi s\u0103 trimit\u0103 titlul articolului \u0219i sec\u021biunea pentru care opteaz\u0103 la adresa: <a href=\"mailto:cristinamatildavanoaga@gmail.com\">cristinamatildavanoaga@gmail.com<\/a>, cristina.vanoaga@ubbcluj.ro sau projectgreden@gmail.com, p\u00e2n\u0103 la data de 13 martie 2026.<\/p>\n<p>&nbsp;<\/p>\n<p><strong>Comitetul de organizare<\/strong>:<\/p>\n<p>Prof. univ. dr. Melania-Gabriela Ciot, Professor Jean Monnet, Chair Holder, Director \u0218coala Doctoral\u0103 de <em>Rela\u021bii Interna\u021bionale \u0219i Studii Europene<\/em><\/p>\n<p>Drd. Cristina Matilda V\u0103noag\u0103, \u0218coala Doctoral\u0103 de <em>Rela\u021bii Interna\u021bionale \u0219i Studii Europene<\/em><\/p>\n<p>Drd. Irina Cosma, \u0218coala Doctoral\u0103 de <em>Rela\u021bii Interna\u021bionale \u0219i Studii Europene<\/em><\/p>\n<p>Drd. Adina Hoza, \u0218coala Doctoral\u0103 de <em>Rela\u021bii Interna\u021bionale \u0219i Studii Europene<\/em><\/p>\n<p><img fetchpriority=\"high\" decoding=\"async\" class=\"alignnone size-full wp-image-3015\" src=\"https:\/\/sites.euro.ubbcluj.ro\/sdrise\/wp-content\/uploads\/2026\/02\/Green-Deal-Challenges-for-a-Sustainable-Future-of-the-EU-scaled.jpg\" alt=\"\" width=\"1810\" height=\"2560\" srcset=\"https:\/\/sites.euro.ubbcluj.ro\/sdrise\/wp-content\/uploads\/2026\/02\/Green-Deal-Challenges-for-a-Sustainable-Future-of-the-EU-scaled.jpg 1810w, https:\/\/sites.euro.ubbcluj.ro\/sdrise\/wp-content\/uploads\/2026\/02\/Green-Deal-Challenges-for-a-Sustainable-Future-of-the-EU-212x300.jpg 212w, https:\/\/sites.euro.ubbcluj.ro\/sdrise\/wp-content\/uploads\/2026\/02\/Green-Deal-Challenges-for-a-Sustainable-Future-of-the-EU-724x1024.jpg 724w, https:\/\/sites.euro.ubbcluj.ro\/sdrise\/wp-content\/uploads\/2026\/02\/Green-Deal-Challenges-for-a-Sustainable-Future-of-the-EU-768x1086.jpg 768w, https:\/\/sites.euro.ubbcluj.ro\/sdrise\/wp-content\/uploads\/2026\/02\/Green-Deal-Challenges-for-a-Sustainable-Future-of-the-EU-1086x1536.jpg 1086w, https:\/\/sites.euro.ubbcluj.ro\/sdrise\/wp-content\/uploads\/2026\/02\/Green-Deal-Challenges-for-a-Sustainable-Future-of-the-EU-1448x2048.jpg 1448w\" sizes=\"(max-width: 1810px) 100vw, 1810px\" \/><\/p>\n","protected":false},"excerpt":{"rendered":"<p>\u0218coala Doctoral\u0103 de Rela\u021bii Interna\u021bionale \u0219i Studii Europene a Universit\u0103\u021bii Babe\u0219-Bolyai, \u0219i Catedra Jean Monnet Green Deal and European Negotiations organizeaz\u0103, \u00een data de 19 martie 2026, Conferin\u021ba Interna\u021bional\u0103 a Doctoranzilor din Domeniul Rela\u021biilor Interna\u021bionale \u0219i Studiilor Europene \u2013 Green Deal Challenges for a Sustainable Future of the EU. &nbsp; Prin intermediul conferin\u021bei se dore\u0219te&hellip;&nbsp;<a href=\"https:\/\/sites.euro.ubbcluj.ro\/sdrise\/conferinta-internationala-a-doctoranzilor-green-deal-challenges-for-a-sustainable-future-of-the-eu-3\/\" class=\"\" rel=\"bookmark\">Read More &raquo;<span class=\"screen-reader-text\">Conferin\u021ba Interna\u021bional\u0103 a Doctoranzilor &#8211; Green Deal Challenges for a Sustainable Future of the EU<\/span><\/a><\/p>\n","protected":false},"author":1,"featured_media":3015,"comment_status":"open","ping_status":"open","sticky":false,"template":"","format":"standard","meta":{"neve_meta_sidebar":"","neve_meta_container":"","neve_meta_enable_content_width":"off","neve_meta_content_width":70,"neve_meta_title_alignment":"","neve_meta_author_avatar":"","neve_post_elements_order":"","neve_meta_disable_header":"","neve_meta_disable_footer":"","neve_meta_disable_title":"","_themeisle_gutenberg_block_has_review":false,"footnotes":"","_links_to":"","_links_to_target":""},"categories":[5],"tags":[],"class_list":["post-3014","post","type-post","status-publish","format-standard","has-post-thumbnail","hentry","category-evenimente"],"_links":{"self":[{"href":"https:\/\/sites.euro.ubbcluj.ro\/sdrise\/wp-json\/wp\/v2\/posts\/3014","targetHints":{"allow":["GET"]}}],"collection":[{"href":"https:\/\/sites.euro.ubbcluj.ro\/sdrise\/wp-json\/wp\/v2\/posts"}],"about":[{"href":"https:\/\/sites.euro.ubbcluj.ro\/sdrise\/wp-json\/wp\/v2\/types\/post"}],"author":[{"embeddable":true,"href":"https:\/\/sites.euro.ubbcluj.ro\/sdrise\/wp-json\/wp\/v2\/users\/1"}],"replies":[{"embeddable":true,"href":"https:\/\/sites.euro.ubbcluj.ro\/sdrise\/wp-json\/wp\/v2\/comments?post=3014"}],"version-history":[{"count":1,"href":"https:\/\/sites.euro.ubbcluj.ro\/sdrise\/wp-json\/wp\/v2\/posts\/3014\/revisions"}],"predecessor-version":[{"id":3016,"href":"https:\/\/sites.euro.ubbcluj.ro\/sdrise\/wp-json\/wp\/v2\/posts\/3014\/revisions\/3016"}],"wp:featuredmedia":[{"embeddable":true,"href":"https:\/\/sites.euro.ubbcluj.ro\/sdrise\/wp-json\/wp\/v2\/media\/3015"}],"wp:attachment":[{"href":"https:\/\/sites.euro.ubbcluj.ro\/sdrise\/wp-json\/wp\/v2\/media?parent=3014"}],"wp:term":[{"taxonomy":"category","embeddable":true,"href":"https:\/\/sites.euro.ubbcluj.ro\/sdrise\/wp-json\/wp\/v2\/categories?post=3014"},{"taxonomy":"post_tag","embeddable":true,"href":"https:\/\/sites.euro.ubbcluj.ro\/sdrise\/wp-json\/wp\/v2\/tags?post=3014"}],"curies":[{"name":"wp","href":"https:\/\/api.w.org\/{rel}","templated":true}]}}